{"id":20322,"global_id":"15francoallemandeoccitanie.fr\/de\/?id=20322","global_id_lineage":["15francoallemandeoccitanie.fr\/de\/?id=20322"],"author":"1","status":"publish","date":"2026-03-06 19:18:14","date_utc":"2026-03-06 18:18:14","modified":"2026-03-23 10:23:48","modified_utc":"2026-03-23 09:23:48","url":"https:\/\/15francoallemandeoccitanie.fr\/de\/evenement\/visite-de-notus-pour-les-eleves-du-college-de-juvignac\/","rest_url":"https:\/\/15francoallemandeoccitanie.fr\/de\/wp-json\/tribe\/events\/v1\/events\/20322","title":"Visite de Notus pour les \u00e9l\u00e8ves du Coll\u00e8ge de Juvignac","description":"<p>L&#8217;entreprise Notus ouvre ses portes aux \u00e9l\u00e8ves du coll\u00e8ge de Juvignac. Les coll\u00e9giens pourront \u00e9changer avec les professionnels afin d\u2019en apprendre plus sur leurs m\u00e9tiers et d\u00e9couvrir leur quotidien, en immersion dans l\u2019entreprise. Celle-ci est productrice ind\u00e9pendante d\u2019\u00e9nergie, et sp\u00e9cialise dans le d\u00e9veloppement, la construction et l&#8217;exploitation de parcs \u00e9oliens et photovolta\u00efques. Cela sera l&#8217;occasion pour les \u00e9l\u00e8ves de s\u2019interroger sur la transition \u00e9nerg\u00e9tique, de croiser les perspectives fran\u00e7aises et allemandes sur la question, ains que l&#8217;importance des langues et des comp\u00e9tences linguistiques et de se projeter dans un parcours professionnel franco-allemand.<\/p>\n<p>Photo: \u00a9 OFAJ<\/p>","excerpt":"","slug":"visite-de-notus-pour-les-eleves-du-college-de-juvignac","image":{"url":"https:\/\/15francoallemandeoccitanie.fr\/wp-content\/uploads\/2026\/03\/OFAJ_Decouv_03-e1774257680751.png","id":20889,"extension":"png","width":600,"height":425,"filesize":501889,"sizes":{"medium":{"width":300,"height":213,"mime-type":"image\/png","filesize":132294,"url":"https:\/\/15francoallemandeoccitanie.fr\/wp-content\/uploads\/2026\/03\/OFAJ_Decouv_03-300x213.png"},"large":{"width":1024,"height":726,"mime-type":"image\/png","filesize":1392551,"url":"https:\/\/15francoallemandeoccitanie.fr\/wp-content\/uploads\/2026\/03\/OFAJ_Decouv_03-1024x726.png"},"thumbnail":{"width":150,"height":150,"mime-type":"image\/png","filesize":48582,"url":"https:\/\/15francoallemandeoccitanie.fr\/wp-content\/uploads\/2026\/03\/OFAJ_Decouv_03-150x150.png"},"medium_large":{"width":768,"height":544,"mime-type":"image\/png","filesize":804554,"url":"https:\/\/15francoallemandeoccitanie.fr\/wp-content\/uploads\/2026\/03\/OFAJ_Decouv_03-768x544.png"},"1536x1536":{"width":1536,"height":1089,"mime-type":"image\/png","filesize":2894507,"url":"https:\/\/15francoallemandeoccitanie.fr\/wp-content\/uploads\/2026\/03\/OFAJ_Decouv_03-1536x1089.png"}}},"all_day":false,"start_date":"2026-04-09 14:00:00","start_date_details":{"year":"2026","month":"04","day":"09","hour":"14","minutes":"00","seconds":"00"},"end_date":"2026-04-09 14:00:00","end_date_details":{"year":"2026","month":"04","day":"09","hour":"14","minutes":"00","seconds":"00"},"utc_start_date":"2026-04-09 12:00:00","utc_start_date_details":{"year":"2026","month":"04","day":"09","hour":"12","minutes":"00","seconds":"00"},"utc_end_date":"2026-04-09 12:00:00","utc_end_date_details":{"year":"2026","month":"04","day":"09","hour":"12","minutes":"00","seconds":"00"},"timezone":"Europe\/Paris","timezone_abbr":"CEST","cost":"","cost_details":{"currency_symbol":"\u20ac","currency_code":"EUR","currency_position":"suffix","values":[]},"website":"","show_map":true,"show_map_link":true,"hide_from_listings":false,"sticky":false,"featured":false,"categories":[{"name":"\u00c9conomie","slug":"economie","term_group":0,"term_taxonomy_id":13,"taxonomy":"tribe_events_cat","description":"","parent":0,"count":53,"filter":"raw","id":13,"urls":{"self":"https:\/\/15francoallemandeoccitanie.fr\/de\/wp-json\/tribe\/events\/v1\/categories\/13","collection":"https:\/\/15francoallemandeoccitanie.fr\/de\/wp-json\/tribe\/events\/v1\/categories"}},{"name":"\u00c9ducation","slug":"education","term_group":0,"term_taxonomy_id":10,"taxonomy":"tribe_events_cat","description":"","parent":0,"count":212,"filter":"raw","id":10,"urls":{"self":"https:\/\/15francoallemandeoccitanie.fr\/de\/wp-json\/tribe\/events\/v1\/categories\/10","collection":"https:\/\/15francoallemandeoccitanie.fr\/de\/wp-json\/tribe\/events\/v1\/categories"}},{"name":"\u00c9ducation Jeunesse","slug":"education-jeunesse","term_group":0,"term_taxonomy_id":130,"taxonomy":"tribe_events_cat","description":"","parent":0,"count":61,"filter":"raw","id":130,"urls":{"self":"https:\/\/15francoallemandeoccitanie.fr\/de\/wp-json\/tribe\/events\/v1\/categories\/130","collection":"https:\/\/15francoallemandeoccitanie.fr\/de\/wp-json\/tribe\/events\/v1\/categories"}},{"name":"Pr\u00e9sentiel","slug":"presentiel-education","term_group":0,"term_taxonomy_id":11,"taxonomy":"tribe_events_cat","description":"","parent":10,"count":195,"filter":"raw","id":11,"urls":{"self":"https:\/\/15francoallemandeoccitanie.fr\/de\/wp-json\/tribe\/events\/v1\/categories\/11","collection":"https:\/\/15francoallemandeoccitanie.fr\/de\/wp-json\/tribe\/events\/v1\/categories","up":"https:\/\/15francoallemandeoccitanie.fr\/de\/wp-json\/tribe\/events\/v1\/categories\/10"}},{"name":"Pr\u00e9sentiel","slug":"presentiel-economie","term_group":0,"term_taxonomy_id":14,"taxonomy":"tribe_events_cat","description":"","parent":13,"count":43,"filter":"raw","id":14,"urls":{"self":"https:\/\/15francoallemandeoccitanie.fr\/de\/wp-json\/tribe\/events\/v1\/categories\/14","collection":"https:\/\/15francoallemandeoccitanie.fr\/de\/wp-json\/tribe\/events\/v1\/categories","up":"https:\/\/15francoallemandeoccitanie.fr\/de\/wp-json\/tribe\/events\/v1\/categories\/13"}}],"tags":[],"venue":{"id":20323,"author":"1","status":"publish","date":"2026-03-06 19:18:14","date_utc":"2026-03-06 18:18:14","modified":"2026-03-09 19:38:51","modified_utc":"2026-03-09 18:38:51","url":"https:\/\/15francoallemandeoccitanie.fr\/de\/veranstaltungsort\/notus\/","venue":"NOTUS energy Sud","slug":"notus","address":"7 Place de la Com\u00e9die","city":"Montpellier","zip":"34000","json_ld":{"@type":"Place","name":"NOTUS energy Sud","description":"","url":"https:\/\/15francoallemandeoccitanie.fr\/de\/veranstaltungsort\/notus\/","address":{"@type":"PostalAddress","streetAddress":"7 Place de la Com\u00e9die","addressLocality":"Montpellier","postalCode":"34000"},"telephone":"","sameAs":""},"show_map":true,"show_map_link":true,"global_id":"15francoallemandeoccitanie.fr\/de\/?id=20323","global_id_lineage":["15francoallemandeoccitanie.fr\/de\/?id=20323"]},"organizer":[],"custom_fields":[],"json_ld":{"@context":"http:\/\/schema.org","@type":"Event","name":"Visite de Notus pour les \u00e9l\u00e8ves du Coll\u00e8ge de Juvignac","description":"&lt;p&gt;L\\'entreprise Notus ouvre ses portes aux \u00e9l\u00e8ves du coll\u00e8ge de Juvignac. Les coll\u00e9giens pourront \u00e9changer avec les professionnels afin d\u2019en apprendre plus sur leurs m\u00e9tiers et d\u00e9couvrir leur quotidien, en [...]&lt;\/p&gt;\\n","image":"https:\/\/15francoallemandeoccitanie.fr\/wp-content\/uploads\/2026\/03\/OFAJ_Decouv_03-e1774257680751.png","url":"https:\/\/15francoallemandeoccitanie.fr\/de\/evenement\/visite-de-notus-pour-les-eleves-du-college-de-juvignac\/","eventAttendanceMode":"https:\/\/schema.org\/OfflineEventAttendanceMode","eventStatus":"https:\/\/schema.org\/EventScheduled","startDate":"2026-04-09T14:00:00+02:00","endDate":"2026-04-09T14:00:00+02:00","location":{"@type":"Place","name":"NOTUS energy Sud","description":"","url":"https:\/\/15francoallemandeoccitanie.fr\/de\/veranstaltungsort\/notus\/","address":{"@type":"PostalAddress","streetAddress":"7 Place de la Com\u00e9die","addressLocality":"Montpellier","postalCode":"34000"},"telephone":"","sameAs":""},"performer":"Organization"},"ticketed":false,"is_virtual":false,"virtual_url":null,"virtual_video_source":""}