{"id":2281,"global_id":"15francoallemandeoccitanie.fr\/de\/?id=2281","global_id_lineage":["15francoallemandeoccitanie.fr\/de\/?id=2281"],"author":"126","status":"publish","date":"2023-03-01 11:22:49","date_utc":"2023-03-01 10:22:49","modified":"2023-03-01 11:29:37","modified_utc":"2023-03-01 10:29:37","url":"https:\/\/15francoallemandeoccitanie.fr\/de\/evenement\/exposition-dartistes-franco-allemands-au-phare-de-palavas-les-flots-du-27-avril-au-10-mai-2023\/","rest_url":"https:\/\/15francoallemandeoccitanie.fr\/de\/wp-json\/tribe\/events\/v1\/events\/2281","title":"Exposition d&#8217;artistes franco-allemands au Phare de Palavas-les-Flots du 27 avril au 10 mai 2023.","description":"<p><strong>Th\u00e8me de l&#8217;exposition : L&#8217;Autre est autre &#8211; une rencontre interculturelle\u00a0<\/strong><\/p>\n<p>Karin HOERLER\u00a0 &#8211;\u00a0 <a href=\"http:\/\/www.karin-hoerler.net\">www.karin-hoerler.net<\/a><\/p>\n<p>Christ MATTIA &#8211; <a href=\"http:\/\/www.christ-mattia.art\">www.christ-mattia.art<\/a><\/p>\n<p>Arne SCHR\u00d6TER &#8211; <a href=\"http:\/\/www.www.instagram.com\/arnecevennes\/\">www.www.instagram.com\/arnecevennes\/<\/a><\/p>\n<p>Christina WEISING &#8211; <a href=\"http:\/\/www.medusartium.art\">www.medusartium.art<\/a><\/p>\n<p>&nbsp;<\/p>\n<p>Vernissage : le jeudi 27 avril 2023 de 18h00 \u00e0 21h00<\/p>\n<p>&nbsp;<\/p>\n<p>&nbsp;<\/p>","excerpt":"","slug":"exposition-dartistes-franco-allemands-au-phare-de-palavas-les-flots-du-27-avril-au-10-mai-2023","image":{"url":"https:\/\/15francoallemandeoccitanie.fr\/wp-content\/uploads\/2023\/03\/Visuel-pour-QZNE.jpg","id":2402,"extension":"jpg","width":1000,"height":750,"filesize":332270,"sizes":{"medium":{"width":300,"height":225,"mime-type":"image\/jpeg","filesize":26008,"url":"https:\/\/15francoallemandeoccitanie.fr\/wp-content\/uploads\/2023\/03\/Visuel-pour-QZNE-300x225.jpg"},"thumbnail":{"width":150,"height":150,"mime-type":"image\/jpeg","filesize":9734,"url":"https:\/\/15francoallemandeoccitanie.fr\/wp-content\/uploads\/2023\/03\/Visuel-pour-QZNE-150x150.jpg"},"medium_large":{"width":768,"height":576,"mime-type":"image\/jpeg","filesize":136924,"url":"https:\/\/15francoallemandeoccitanie.fr\/wp-content\/uploads\/2023\/03\/Visuel-pour-QZNE-768x576.jpg"}}},"all_day":false,"start_date":"2023-04-27 08:00:00","start_date_details":{"year":"2023","month":"04","day":"27","hour":"08","minutes":"00","seconds":"00"},"end_date":"2023-05-11 17:00:00","end_date_details":{"year":"2023","month":"05","day":"11","hour":"17","minutes":"00","seconds":"00"},"utc_start_date":"2023-04-27 06:00:00","utc_start_date_details":{"year":"2023","month":"04","day":"27","hour":"06","minutes":"00","seconds":"00"},"utc_end_date":"2023-05-11 15:00:00","utc_end_date_details":{"year":"2023","month":"05","day":"11","hour":"15","minutes":"00","seconds":"00"},"timezone":"Europe\/Paris","timezone_abbr":"CEST","cost":"","cost_details":{"currency_symbol":"","currency_code":"","currency_position":"prefix","values":[]},"website":"","show_map":true,"show_map_link":true,"hide_from_listings":false,"sticky":false,"featured":false,"categories":[{"name":"Distanciel","slug":"distanciel-citoyennete","term_group":0,"term_taxonomy_id":21,"taxonomy":"tribe_events_cat","description":"","parent":19,"count":10,"filter":"raw","id":21,"urls":{"self":"https:\/\/15francoallemandeoccitanie.fr\/de\/wp-json\/tribe\/events\/v1\/categories\/21","collection":"https:\/\/15francoallemandeoccitanie.fr\/de\/wp-json\/tribe\/events\/v1\/categories","up":"https:\/\/15francoallemandeoccitanie.fr\/de\/wp-json\/tribe\/events\/v1\/categories\/19"}},{"name":"Pr\u00e9sentiel","slug":"presentiel-citoyennete","term_group":0,"term_taxonomy_id":20,"taxonomy":"tribe_events_cat","description":"","parent":19,"count":138,"filter":"raw","id":20,"urls":{"self":"https:\/\/15francoallemandeoccitanie.fr\/de\/wp-json\/tribe\/events\/v1\/categories\/20","collection":"https:\/\/15francoallemandeoccitanie.fr\/de\/wp-json\/tribe\/events\/v1\/categories","up":"https:\/\/15francoallemandeoccitanie.fr\/de\/wp-json\/tribe\/events\/v1\/categories\/19"}}],"tags":[],"venue":{"id":2405,"author":"5","status":"publish","date":"2023-03-01 11:29:37","date_utc":"2023-03-01 10:29:37","modified":"2023-03-01 11:29:37","modified_utc":"2023-03-01 10:29:37","url":"https:\/\/15francoallemandeoccitanie.fr\/de\/veranstaltungsort\/le-phare-de-la-mediterranee\/","venue":"Le Phare de la M\u00e9dit\u00e9rran\u00e9e","slug":"le-phare-de-la-mediterranee","address":"Place de la M\u00e9diterran\u00e9e -","city":"Palavas-les-flots","province":"Occitanie","zip":"34250","phone":"+33 (0)4 67 07 73 34","stateprovince":"Occitanie","geo_lat":43.5670333,"geo_lng":3.8357154,"json_ld":{"@type":"Place","name":"Le Phare de la M\u00e9dit\u00e9rran\u00e9e","description":"","url":"https:\/\/15francoallemandeoccitanie.fr\/de\/veranstaltungsort\/le-phare-de-la-mediterranee\/","address":{"@type":"PostalAddress","streetAddress":"Place de la M\u00e9diterran\u00e9e -","addressLocality":"Palavas-les-flots","addressRegion":"Occitanie","postalCode":"34250"},"geo":{"@type":"GeoCoordinates","latitude":43.5670333,"longitude":3.8357154},"telephone":"+33 (0)4 67 07 73 34","sameAs":""},"show_map":true,"show_map_link":true,"global_id":"15francoallemandeoccitanie.fr\/de\/?id=2405","global_id_lineage":["15francoallemandeoccitanie.fr\/de\/?id=2405"]},"organizer":[{"id":2406,"author":"5","status":"publish","date":"2023-03-01 11:29:37","date_utc":"2023-03-01 10:29:37","modified":"2023-03-01 11:29:37","modified_utc":"2023-03-01 10:29:37","url":"https:\/\/15francoallemandeoccitanie.fr\/de\/veranstalter\/ephemeres-aerts-culture\/","organizer":"Eph\u00e9m\u00e8res: Aerts &#038; Culture","slug":"ephemeres-aerts-culture","json_ld":{"@type":"Person","name":"Eph\u00e9m\u00e8res: Aerts &#038; Culture","description":"","url":"","telephone":"","email":"","sameAs":""},"global_id":"15francoallemandeoccitanie.fr\/de\/?id=2406","global_id_lineage":["15francoallemandeoccitanie.fr\/de\/?id=2406"]}],"custom_fields":[],"json_ld":{"@context":"http:\/\/schema.org","@type":"Event","name":"Exposition d&#8217;artistes franco-allemands au Phare de Palavas-les-Flots du 27 avril au 10 mai 2023.","description":"&lt;p&gt;Th\u00e8me de l\\'exposition : L\\'Autre est autre - une rencontre interculturelle\u00a0 Karin HOERLER\u00a0 -\u00a0 www.karin-hoerler.net Christ MATTIA - www.christ-mattia.art Arne SCHR\u00d6TER - www.www.instagram.com\/arnecevennes\/ Christina WEISING - www.medusartium.art &nbsp; Vernissage : [...]&lt;\/p&gt;\\n","image":"https:\/\/15francoallemandeoccitanie.fr\/wp-content\/uploads\/2023\/03\/Visuel-pour-QZNE.jpg","url":"https:\/\/15francoallemandeoccitanie.fr\/de\/evenement\/exposition-dartistes-franco-allemands-au-phare-de-palavas-les-flots-du-27-avril-au-10-mai-2023\/","eventAttendanceMode":"https:\/\/schema.org\/OfflineEventAttendanceMode","eventStatus":"https:\/\/schema.org\/EventScheduled","startDate":"2023-04-27T08:00:00+02:00","endDate":"2023-05-11T17:00:00+02:00","location":{"@type":"Place","name":"Le Phare de la M\u00e9dit\u00e9rran\u00e9e","description":"","url":"https:\/\/15francoallemandeoccitanie.fr\/de\/veranstaltungsort\/le-phare-de-la-mediterranee\/","address":{"@type":"PostalAddress","streetAddress":"Place de la M\u00e9diterran\u00e9e -","addressLocality":"Palavas-les-flots","addressRegion":"Occitanie","postalCode":"34250"},"geo":{"@type":"GeoCoordinates","latitude":43.5670333,"longitude":3.8357154},"telephone":"+33 (0)4 67 07 73 34","sameAs":""},"organizer":{"@type":"Person","name":"Eph\u00e9m\u00e8res: Aerts &#038; Culture","description":"","url":"","telephone":"","email":"","sameAs":""},"performer":"Organization"},"ticketed":false,"is_virtual":false,"virtual_url":null,"virtual_video_source":""}