{"id":1669,"date":"2022-11-17T10:14:55","date_gmt":"2022-11-17T09:14:55","guid":{"rendered":"https:\/\/15francoallemandeoccitanie.fr\/?p=1669"},"modified":"2022-11-17T10:36:54","modified_gmt":"2022-11-17T09:36:54","slug":"deutsch-franzoesischer-austausch-im-rahmen-der-quinzaine-franco-allemande-doccitanie-fokus-gesundheit","status":"publish","type":"post","link":"https:\/\/15francoallemandeoccitanie.fr\/de\/deutsch-franzoesischer-austausch-im-rahmen-der-quinzaine-franco-allemande-doccitanie-fokus-gesundheit\/","title":{"rendered":"Deutsch-franz\u00f6sischer Austausch im Rahmen der Quinzaine franco-allemande d\u00b4Occitanie &#8211; FOKUS GESUNDHEIT"},"content":{"rendered":"<h3>Der Club d\u00b4affaires franco-allemand du Bade-Wurtemberg e.V. und le R\u00e9seau d&#8217;Affaires Franco-Allemand du Languedoc Roussillon (RAFAL) laden Sie ganz herzlich<br \/>\n<strong>am Mittwoch, den <span style=\"color: #d83131;\">23. November 2022<\/span> um <span style=\"color: #d83131;\">18.30 Uhr<\/span><\/strong>\u00a0ein.<\/h3>\n<h3>**Die Veranstaltung ist f\u00fcr Sie kostenlos<\/h3>\n<p>&nbsp;<\/p>\n<p><strong>PROGRAMM<\/strong><\/p>\n<p><b>18.30 Uhr<\/b>\u00a0 Begr\u00fc\u00dfung der Clubs d\u00b4affaires franco-allemands<\/p>\n<ul>\n<li><b>C\u00e9line Eheim &amp; Dr. Roman Frik<br \/>\n<\/b>Pr\u00e4sidenten Club d\u00b4affaires franco-allemand du Bade-Wurtemberg e.V.<\/li>\n<li><b>Richard\u00a0<\/b><b>Jarry<\/b><br \/>\nPr\u00e4sident R\u00e9seau d&#8217;Affaires Franco-Allemand du Languedoc Roussillon (RAFAL)<\/li>\n<\/ul>\n<p><b><br \/>\n18.45\u00a0<\/b><b>Uhr<\/b>\u00a0\u00a0 Begr\u00fc\u00dfung der Regionen<\/p>\n<ul>\n<li><b>Jalil<\/b>\u00a0<b>Benabdillah<\/b><br \/>\nVice-Pr\u00e9sident en charge de l\u2019Economie, l\u2019Emploi, l\u2019Innovation et la R\u00e9industrialisation de La R\u00e9gion Occitanie \/ Pyr\u00e9n\u00e9es-M\u00e9diterran\u00e9e<br \/>\nVice-Pr\u00e9sident de l\u2019agence Ad\u2019Occ<\/li>\n<li>\u00a0<b>Dr. Patrick Rapp<\/b><br \/>\nStaatssekret\u00e4r im Ministerium f\u00fcr Wirtschaft, Arbeit und Tourismus des Landes Baden-W\u00fcrttemberg<\/li>\n<\/ul>\n<p><b><br \/>\n19.15 Uhr<\/b>\u00a0 Vortr\u00e4ge &amp; dynamische Diskussionen<\/p>\n<ul>\n<li><b>Hind<\/b><b>\u00a0EMAD<\/b><br \/>\nVice-pr\u00e9sidente de Montpellier M\u00e9diterran\u00e9e\u00a0 M\u00e9tropole<br \/>\nD\u00e9l\u00e9gu\u00e9e au D\u00e9veloppement \u00e9conomique \u00a0 et num\u00e9rique<br \/>\nMedVall\u00e9e<\/li>\n<li><b>Cornelia Frank<br \/>\n<\/b>Leiterin der Abteilung Internationalisierung &amp; Ansiedlung<br \/>\nBaden-W\u00fcrttemberg International (BW-I)<\/li>\n<\/ul>\n<p><i>Die Diskussionen werden von den Pr\u00e4sidenten der Clubs d\u00b4affaires franco-<\/i><i>allemands<\/i><i>\u00a0moderiert.<\/i><\/p>\n<p><b><br \/>\n20.45 Uhr<\/b>\u00a0 Abschlussrunde<\/p>\n<p>Abschlussworte durch den Club d\u00b4affaires franco-allemand du Bade-Wurtemberg e.V. und den\u00a0 R\u00e9seau d&#8217;Affaires Franco-Allemand du Languedoc Roussillon (RAFAL)<\/p>\n<p>&nbsp;<\/p>\n<p>&nbsp;<\/p>\n<h2><a href=\"https:\/\/club-d-affaires.de\/de\/OCCITANIE-DE\/\"><strong><span style=\"color: #d83131;\">ANMELDUNG<\/span><\/strong><\/a><\/h2>\n<p>&nbsp;<\/p>\n<p>&nbsp;<\/p>\n<p><img loading=\"lazy\" decoding=\"async\" class=\"alignnone wp-image-1657\" src=\"https:\/\/15francoallemandeoccitanie.fr\/wp-content\/uploads\/2022\/10\/visuel-des-logos-partenaires-273x300.jpg\" alt=\"\" width=\"729\" height=\"801\" srcset=\"https:\/\/15francoallemandeoccitanie.fr\/wp-content\/uploads\/2022\/10\/visuel-des-logos-partenaires-273x300.jpg 273w, https:\/\/15francoallemandeoccitanie.fr\/wp-content\/uploads\/2022\/10\/visuel-des-logos-partenaires-932x1024.jpg 932w, https:\/\/15francoallemandeoccitanie.fr\/wp-content\/uploads\/2022\/10\/visuel-des-logos-partenaires-768x844.jpg 768w, https:\/\/15francoallemandeoccitanie.fr\/wp-content\/uploads\/2022\/10\/visuel-des-logos-partenaires.jpg 969w\" sizes=\"auto, (max-width: 729px) 100vw, 729px\" \/><\/p>\n<p>&nbsp;<\/p>\n<p>&nbsp;<\/p>\n","protected":false},"excerpt":{"rendered":"<p>Der Club d\u00b4affaires franco-allemand du Bade-Wurtemberg e.V. und le R\u00e9seau d&#8217;Affaires Franco-Allemand du Languedoc Roussillon (RAFAL) laden Sie ganz herzlich am Mittwoch, den 23. November 2022 um 18.30 Uhr\u00a0ein. **Die [&#8230;]\n","protected":false},"author":5,"featured_media":1654,"comment_status":"closed","ping_status":"closed","sticky":false,"template":"","format":"standard","meta":{"_price":"","_stock":"","_tribe_ticket_header":"","_tribe_default_ticket_provider":"","_tribe_ticket_capacity":"","_ticket_start_date":"","_ticket_end_date":"","_tribe_ticket_show_description":"","_tribe_ticket_show_not_going":false,"_tribe_ticket_use_global_stock":"","_tribe_ticket_global_stock_level":"","_global_stock_mode":"","_global_stock_cap":"","_tribe_rsvp_for_event":"","_tribe_ticket_going_count":"","_tribe_ticket_not_going_count":"","_tribe_tickets_list":"[]","_tribe_ticket_has_attendee_info_fields":false,"footnotes":""},"categories":[],"tags":[],"class_list":["post-1669","post","type-post","status-publish","format-standard","has-post-thumbnail","hentry"],"_links":{"self":[{"href":"https:\/\/15francoallemandeoccitanie.fr\/de\/wp-json\/wp\/v2\/posts\/1669","targetHints":{"allow":["GET"]}}],"collection":[{"href":"https:\/\/15francoallemandeoccitanie.fr\/de\/wp-json\/wp\/v2\/posts"}],"about":[{"href":"https:\/\/15francoallemandeoccitanie.fr\/de\/wp-json\/wp\/v2\/types\/post"}],"author":[{"embeddable":true,"href":"https:\/\/15francoallemandeoccitanie.fr\/de\/wp-json\/wp\/v2\/users\/5"}],"replies":[{"embeddable":true,"href":"https:\/\/15francoallemandeoccitanie.fr\/de\/wp-json\/wp\/v2\/comments?post=1669"}],"version-history":[{"count":1,"href":"https:\/\/15francoallemandeoccitanie.fr\/de\/wp-json\/wp\/v2\/posts\/1669\/revisions"}],"predecessor-version":[{"id":1670,"href":"https:\/\/15francoallemandeoccitanie.fr\/de\/wp-json\/wp\/v2\/posts\/1669\/revisions\/1670"}],"wp:featuredmedia":[{"embeddable":true,"href":"https:\/\/15francoallemandeoccitanie.fr\/de\/wp-json\/wp\/v2\/media\/1654"}],"wp:attachment":[{"href":"https:\/\/15francoallemandeoccitanie.fr\/de\/wp-json\/wp\/v2\/media?parent=1669"}],"wp:term":[{"taxonomy":"category","embeddable":true,"href":"https:\/\/15francoallemandeoccitanie.fr\/de\/wp-json\/wp\/v2\/categories?post=1669"},{"taxonomy":"post_tag","embeddable":true,"href":"https:\/\/15francoallemandeoccitanie.fr\/de\/wp-json\/wp\/v2\/tags?post=1669"}],"curies":[{"name":"wp","href":"https:\/\/api.w.org\/{rel}","templated":true}]}}