{"id":1766,"date":"2022-12-09T10:10:06","date_gmt":"2022-12-09T09:10:06","guid":{"rendered":"https:\/\/15francoallemandeoccitanie.fr\/?p=1766"},"modified":"2022-12-09T10:11:28","modified_gmt":"2022-12-09T09:11:28","slug":"migrationssensible-psychotherapie-in-de-traumaambulanz","status":"publish","type":"post","link":"https:\/\/15francoallemandeoccitanie.fr\/de\/migrationssensible-psychotherapie-in-de-traumaambulanz\/","title":{"rendered":"Migrationssensible Psychotherapie in de Traumaambulanz"},"content":{"rendered":"<h3><span class=\"fontstyle0\">Symposium in der LVR-Klinik Bonn im Rahmen der deutsch-franz\u00f6sischen \u201eQuinzaine\u201c<\/span><\/h3>\n<p><span class=\"fontstyle0\"><strong>Montag, 21. November 2022<\/strong><br \/>\n<strong>13:00 bis 17:00 Uhr<\/strong><br \/>\nLVR-Klinik Bonn, UBS,<br \/>\nTagungsraum 2<\/span><\/p>\n<p><span class=\"fontstyle0\">im Rahmen des diesj\u00e4hrigen deutsch-franz\u00f6sischen Kulturaustauschs freuen wir uns, Kolleg*innen aus Toulouse zu begr\u00fc\u00dfen.<br \/>\nFachlich m\u00f6chten wir uns zu den Themen Traumaambulanz und Migration austauschen und hier sowohl Gemeinsamkeiten als auch Unterschiede aus der jeweiligen franz\u00f6sischen und deutschen Perspektive diskutieren.<\/span><\/p>\n<p><span class=\"fontstyle0\"><strong>Programm<\/strong><\/span><\/p>\n<p><span class=\"fontstyle0\"><br \/>\n<\/span><span class=\"fontstyle0\"><strong>Einf\u00fchrung und Begr\u00fc\u00dfung<\/strong><br \/>\n<\/span><span class=\"fontstyle2\">Prof. Dr. Markus Banger, \u00c4rztlicher Direktor<br \/>\nDr. Christophe Schmitt, Pr\u00e4sident CME<br \/>\nDr. Michael Schormann, Chefarzt AP II<\/span><\/p>\n<p><span class=\"fontstyle2\"><br \/>\n<\/span><span class=\"fontstyle0\"><strong>Traumaambulanz in Bonn und Toulouse:<\/strong><br \/>\n<strong>Angebot, Herausforderungen und Erfolg<\/strong><br \/>\n<\/span><span class=\"fontstyle2\">Ayg\u00fcl Geles, Psychol. Psychotherapeutin<br \/>\nDr. Aziga Billot, Psychiater<\/span><\/p>\n<p><span class=\"fontstyle2\"><br \/>\n<\/span><span class=\"fontstyle0\"><strong>Psychotherapeutische Behandlung der Flutopfer<\/strong><br \/>\n<\/span><span class=\"fontstyle2\">Franziska von Freymann, Psychologin<\/span><\/p>\n<p><span class=\"fontstyle2\"><br \/>\n<\/span><span class=\"fontstyle0\"><strong>Fl\u00fcchtlinge aus der Ukraine:<\/strong><br \/>\nPsychiatrischer Behandlungsbedarf<br \/>\n<\/span><span class=\"fontstyle2\">Katharina Velgach, Ober\u00e4rztin<\/span><\/p>\n<p><span class=\"fontstyle2\"><br \/>\n<\/span><span class=\"fontstyle0\"><strong>Psychopathologie vor dem Hintergrund <\/strong><strong>der Migration (franz\u00f6sische und deutsche <\/strong><strong>Perspektive)<\/strong><br \/>\n<\/span><span class=\"fontstyle2\">Dr. Julien Da Costa, Psychiater<br \/>\nAndr\u00e9 Alxas, Psychiater<\/span><\/p>\n<p><span class=\"fontstyle2\"><br \/>\n<em>Das gesamte Programm wird simultan \u00fcbersetzt.<\/em><\/span><\/p>\n<p><span class=\"fontstyle0\">**Die Veranstaltung ist kostenfrei. Die Zertifizierung \u00fcber die \u00c4rztekammer Nordrhein ist beantragt.<br \/>\nF\u00fcr eine Teilnahme vor Ort bitten wir um Anmeldung per E-Mail an carina.lawson@lvr.de**<\/span><\/p>\n","protected":false},"excerpt":{"rendered":"<p>Symposium in der LVR-Klinik Bonn im Rahmen der deutsch-franz\u00f6sischen \u201eQuinzaine\u201c Montag, 21. November 2022 13:00 bis 17:00 Uhr LVR-Klinik Bonn, UBS, Tagungsraum 2 im Rahmen des diesj\u00e4hrigen deutsch-franz\u00f6sischen Kulturaustauschs freuen [&#8230;]\n","protected":false},"author":5,"featured_media":1762,"comment_status":"closed","ping_status":"closed","sticky":false,"template":"","format":"standard","meta":{"_price":"","_stock":"","_tribe_ticket_header":"","_tribe_default_ticket_provider":"","_tribe_ticket_capacity":"","_ticket_start_date":"","_ticket_end_date":"","_tribe_ticket_show_description":"","_tribe_ticket_show_not_going":false,"_tribe_ticket_use_global_stock":"","_tribe_ticket_global_stock_level":"","_global_stock_mode":"","_global_stock_cap":"","_tribe_rsvp_for_event":"","_tribe_ticket_going_count":"","_tribe_ticket_not_going_count":"","_tribe_tickets_list":"[]","_tribe_ticket_has_attendee_info_fields":false,"footnotes":""},"categories":[27],"tags":[],"class_list":["post-1766","post","type-post","status-publish","format-standard","has-post-thumbnail","hentry","category-non-classe-de"],"_links":{"self":[{"href":"https:\/\/15francoallemandeoccitanie.fr\/de\/wp-json\/wp\/v2\/posts\/1766","targetHints":{"allow":["GET"]}}],"collection":[{"href":"https:\/\/15francoallemandeoccitanie.fr\/de\/wp-json\/wp\/v2\/posts"}],"about":[{"href":"https:\/\/15francoallemandeoccitanie.fr\/de\/wp-json\/wp\/v2\/types\/post"}],"author":[{"embeddable":true,"href":"https:\/\/15francoallemandeoccitanie.fr\/de\/wp-json\/wp\/v2\/users\/5"}],"replies":[{"embeddable":true,"href":"https:\/\/15francoallemandeoccitanie.fr\/de\/wp-json\/wp\/v2\/comments?post=1766"}],"version-history":[{"count":2,"href":"https:\/\/15francoallemandeoccitanie.fr\/de\/wp-json\/wp\/v2\/posts\/1766\/revisions"}],"predecessor-version":[{"id":1768,"href":"https:\/\/15francoallemandeoccitanie.fr\/de\/wp-json\/wp\/v2\/posts\/1766\/revisions\/1768"}],"wp:featuredmedia":[{"embeddable":true,"href":"https:\/\/15francoallemandeoccitanie.fr\/de\/wp-json\/wp\/v2\/media\/1762"}],"wp:attachment":[{"href":"https:\/\/15francoallemandeoccitanie.fr\/de\/wp-json\/wp\/v2\/media?parent=1766"}],"wp:term":[{"taxonomy":"category","embeddable":true,"href":"https:\/\/15francoallemandeoccitanie.fr\/de\/wp-json\/wp\/v2\/categories?post=1766"},{"taxonomy":"post_tag","embeddable":true,"href":"https:\/\/15francoallemandeoccitanie.fr\/de\/wp-json\/wp\/v2\/tags?post=1766"}],"curies":[{"name":"wp","href":"https:\/\/api.w.org\/{rel}","templated":true}]}}